{"id":87,"date":"2014-01-20T18:00:00","date_gmt":"2014-01-20T18:00:00","guid":{"rendered":"https:\/\/ideiasdafia.pt\/?p=87"},"modified":"2025-10-08T12:28:36","modified_gmt":"2025-10-08T11:28:36","slug":"minhas-vidas","status":"publish","type":"post","link":"https:\/\/ideiasdafia.pt\/en\/minhas-vidas\/","title":{"rendered":"Projecto 31 Dias de Cinema: Minhas Vidas"},"content":{"rendered":"\n<p>Viva!<\/p>\n\n\n\n<p>Hoje \u00e9 o dia #12 do Projecto 31 Dias de cinema.<\/p>\n\n\n\n<div style=\"height:20px\" aria-hidden=\"true\" class=\"wp-block-spacer\"><\/div>\n\n\n\n<figure class=\"wp-block-image aligncenter is-resized\"><a href=\"https:\/\/ideiasdafia.pt\/wp-content\/uploads\/2014\/02\/31dias_cinema1.jpg\"><img fetchpriority=\"high\" decoding=\"async\" src=\"https:\/\/ideiasdafia.pt\/wp-content\/uploads\/2014\/01\/31dias_cinema.jpg\" alt=\"\" class=\"wp-image-8478\" width=\"360\" height=\"286\" title=\"\" srcset=\"https:\/\/ideiasdafia.pt\/wp-content\/uploads\/2014\/01\/31dias_cinema.jpg 360w, https:\/\/ideiasdafia.pt\/wp-content\/uploads\/2014\/01\/31dias_cinema-300x238.jpg 300w\" sizes=\"(max-width: 360px) 100vw, 360px\" \/><\/a><figcaption><\/figcaption><\/figure>\n\n\n\n<p>Parece que estou a andar para tr\u00e1s no tempo, de novo. Este \u00e9 um video um pouco mais antigo, mas que merece aten\u00e7\u00e3o. Ora a\u00ed vai a sugest\u00e3o de hoje&#8230;<br><\/p>\n\n\n\n<div style=\"height:20px\" aria-hidden=\"true\" class=\"wp-block-spacer\"><\/div>\n\n\n\n<p class=\"has-text-align-center\"><strong><em>Minhas Vidas<\/em><\/strong><\/p>\n\n\n\n<div style=\"height:20px\" aria-hidden=\"true\" class=\"wp-block-spacer\"><\/div>\n\n\n\n<figure class=\"wp-block-image alignright\"><a href=\"https:\/\/ideiasdafia.pt\/wp-content\/uploads\/2014\/01\/vidas.jpg\"><img decoding=\"async\" src=\"https:\/\/ideiasdafia.pt\/wp-content\/uploads\/2014\/01\/vidas.jpg\" alt=\"\" class=\"wp-image-8508\" width=\"145\" height=\"200\" title=\"\"><\/a><figcaption><\/figcaption><\/figure>\n\n\n\n<p>Esta foi uma produ\u00e7\u00e3o para televis\u00e3o, em que Shirley MacLaine interpretou o papel de si mesma e foi baseada num dos seus livros.<br>Li o livro &#8211; que adorei &#8211; h\u00e1 aproximadamente 10 anos atr\u00e1s &nbsp;e, na altura, procurei o video por todo o lado sem sucesso. H\u00e1 pouco tempo, ao pesquisar t\u00edtulos para este projecto, &#8220;tropecei&#8221; no filme completo na net e foram 240 minutos de pura del\u00edcia!<\/p>\n\n\n\n<p>Este conta a hist\u00f3ria da sua descoberta espiritual. Conta como por volta dos 40 anos se come\u00e7ou a questionar sobre a sua exist\u00eancia e o prop\u00f3sito da vida, permitindo-nos acompanhar esse processo.<\/p>\n\n\n\n<div style=\"height:20px\" aria-hidden=\"true\" class=\"wp-block-spacer\"><\/div>\n\n\n\n<p>Os temas que surgem ao longo desta caminhada pela sua espiritualidade s\u00e3o: reencarna\u00e7\u00e3o, vidas passadas, mediunidade, canaliza\u00e7\u00e3o, psicografia, medita\u00e7\u00e3o, projec\u00e7\u00e3o astral e extra-terrestres.<\/p>\n\n\n\n<div style=\"height:20px\" aria-hidden=\"true\" class=\"wp-block-spacer\"><\/div>\n\n\n\n<p>O que mais posso dizer? Apenas que \u00e9 muito bom e que vale a pena ver!<br>Experimentem! \u00c9 s\u00f3 seguirem o link l\u00e1 mais abaixo.<\/p>\n\n\n\n<div style=\"height:20px\" aria-hidden=\"true\" class=\"wp-block-spacer\"><\/div>\n\n\n\n<p><strong>T\u00edtulo original:<\/strong> Out on a Limb Ano: 1987<br><strong>Mais info<\/strong> na&nbsp;<a rel=\"noreferrer noopener\" href=\"http:\/\/www.imdb.com\/title\/tt0093688\/?ref_=nv_sr_2\" target=\"_blank\">IMDB<\/a><br><strong>\u00c0 venda na Amazon:<\/strong><a href=\"http:\/\/www.amazon.com\/gp\/product\/630431213X\/ref=as_li_tf_tl?ie=UTF8&amp;camp=1789&amp;creative=9325&amp;creativeASIN=630431213X&amp;linkCode=as2&amp;tag=ideidouniv-20\" target=\"_blank\" rel=\"noopener\"> MacLaine: Out on a Limb, Miniseries [VHS]<\/a>(link afiliado)<br><strong>Trailer<\/strong> no&nbsp;YouTube<br>Ver o filme <a rel=\"noreferrer noopener\" href=\"http:\/\/youtu.be\/Uttm51iL0tk\" target=\"_blank\">AQUI<\/a><\/p>\n\n\n\n<div style=\"height:20px\" aria-hidden=\"true\" class=\"wp-block-spacer\"><\/div>\n\n\n\n<p><strong>J\u00e1 viu? Que tal?<\/strong><\/p>\n\n\n\n<p>Beijos cin\u00e9filos,<\/p>\n","protected":false},"excerpt":{"rendered":"<p>Viva! Hoje \u00e9 o dia #12 do Projecto 31 Dias de cinema. Parece que estou a andar para tr\u00e1s no tempo, de novo. Este \u00e9 um video um pouco mais antigo, mas que merece aten\u00e7\u00e3o. Ora a\u00ed vai a sugest\u00e3o de hoje&#8230; Minhas Vidas Esta foi uma produ\u00e7\u00e3o para televis\u00e3o, em que Shirley MacLaine interpretou [&hellip;]<\/p>\n","protected":false},"author":1,"featured_media":8483,"comment_status":"open","ping_status":"open","sticky":false,"template":"","format":"standard","meta":{"site-sidebar-layout":"default","site-content-layout":"","ast-site-content-layout":"default","site-content-style":"default","site-sidebar-style":"default","ast-global-header-display":"","ast-banner-title-visibility":"","ast-main-header-display":"","ast-hfb-above-header-display":"","ast-hfb-below-header-display":"","ast-hfb-mobile-header-display":"","site-post-title":"","ast-breadcrumbs-content":"","ast-featured-img":"","footer-sml-layout":"","ast-disable-related-posts":"","theme-transparent-header-meta":"","adv-header-id-meta":"","stick-header-meta":"","header-above-stick-meta":"","header-main-stick-meta":"","header-below-stick-meta":"","astra-migrate-meta-layouts":"set","ast-page-background-enabled":"default","ast-page-background-meta":{"desktop":{"background-color":"var(--ast-global-color-4)","background-image":"","background-repeat":"repeat","background-position":"center center","background-size":"auto","background-attachment":"scroll","background-type":"","background-media":"","overlay-type":"","overlay-color":"","overlay-opacity":"","overlay-gradient":""},"tablet":{"background-color":"","background-image":"","background-repeat":"repeat","background-position":"center center","background-size":"auto","background-attachment":"scroll","background-type":"","background-media":"","overlay-type":"","overlay-color":"","overlay-opacity":"","overlay-gradient":""},"mobile":{"background-color":"","background-image":"","background-repeat":"repeat","background-position":"center center","background-size":"auto","background-attachment":"scroll","background-type":"","background-media":"","overlay-type":"","overlay-color":"","overlay-opacity":"","overlay-gradient":""}},"ast-content-background-meta":{"desktop":{"background-color":"var(--ast-global-color-5)","background-image":"","background-repeat":"repeat","background-position":"center center","background-size":"auto","background-attachment":"scroll","background-type":"","background-media":"","overlay-type":"","overlay-color":"","overlay-opacity":"","overlay-gradient":""},"tablet":{"background-color":"var(--ast-global-color-5)","background-image":"","background-repeat":"repeat","background-position":"center center","background-size":"auto","background-attachment":"scroll","background-type":"","background-media":"","overlay-type":"","overlay-color":"","overlay-opacity":"","overlay-gradient":""},"mobile":{"background-color":"var(--ast-global-color-5)","background-image":"","background-repeat":"repeat","background-position":"center center","background-size":"auto","background-attachment":"scroll","background-type":"","background-media":"","overlay-type":"","overlay-color":"","overlay-opacity":"","overlay-gradient":""}},"footnotes":""},"categories":[56],"tags":[22,3,4],"class_list":["post-87","post","type-post","status-publish","format-standard","has-post-thumbnail","hentry","category-partilhas","tag-31-dias","tag-cinema","tag-dicas"],"_links":{"self":[{"href":"https:\/\/ideiasdafia.pt\/en\/wp-json\/wp\/v2\/posts\/87","targetHints":{"allow":["GET"]}}],"collection":[{"href":"https:\/\/ideiasdafia.pt\/en\/wp-json\/wp\/v2\/posts"}],"about":[{"href":"https:\/\/ideiasdafia.pt\/en\/wp-json\/wp\/v2\/types\/post"}],"author":[{"embeddable":true,"href":"https:\/\/ideiasdafia.pt\/en\/wp-json\/wp\/v2\/users\/1"}],"replies":[{"embeddable":true,"href":"https:\/\/ideiasdafia.pt\/en\/wp-json\/wp\/v2\/comments?post=87"}],"version-history":[{"count":1,"href":"https:\/\/ideiasdafia.pt\/en\/wp-json\/wp\/v2\/posts\/87\/revisions"}],"predecessor-version":[{"id":13612,"href":"https:\/\/ideiasdafia.pt\/en\/wp-json\/wp\/v2\/posts\/87\/revisions\/13612"}],"wp:featuredmedia":[{"embeddable":true,"href":"https:\/\/ideiasdafia.pt\/en\/wp-json\/wp\/v2\/media\/8483"}],"wp:attachment":[{"href":"https:\/\/ideiasdafia.pt\/en\/wp-json\/wp\/v2\/media?parent=87"}],"wp:term":[{"taxonomy":"category","embeddable":true,"href":"https:\/\/ideiasdafia.pt\/en\/wp-json\/wp\/v2\/categories?post=87"},{"taxonomy":"post_tag","embeddable":true,"href":"https:\/\/ideiasdafia.pt\/en\/wp-json\/wp\/v2\/tags?post=87"}],"curies":[{"name":"wp","href":"https:\/\/api.w.org\/{rel}","templated":true}]}}