{"id":5201,"date":"2016-10-31T14:00:00","date_gmt":"2016-10-31T13:00:00","guid":{"rendered":"https:\/\/ideiasdafia.pt\/?p=5201"},"modified":"2019-08-30T23:40:49","modified_gmt":"2019-08-30T23:40:49","slug":"reforma-da-sala","status":"publish","type":"post","link":"https:\/\/ideiasdafia.pt\/en\/reforma-da-sala\/","title":{"rendered":"A reforma da sala"},"content":{"rendered":"<p>Finda a reforma da sala, venho partilhar as novidades consigo. Ainda faltam alguns detalhes mas j\u00e1 estamos em condi\u00e7\u00f5es para receber a sua visita! \ud83d\ude09<\/p>\n<p>Come\u00e7o por dizer que o espa\u00e7o \u00e9 o mesmo, mas \u00e9 praticamente uma divis\u00e3o nova!<\/p>\n<div class=\"ast-oembed-container\" style=\"height: 100%;\"><iframe title=\"Reforma da sala\" width=\"500\" height=\"281\" src=\"https:\/\/www.youtube.com\/embed\/1lNnsPwTNMU?feature=oembed\" frameborder=\"0\" allow=\"accelerometer; autoplay; clipboard-write; encrypted-media; gyroscope; picture-in-picture; web-share\" referrerpolicy=\"strict-origin-when-cross-origin\" allowfullscreen><\/iframe><\/div>\n<p><strong>As ideias iniciais eram:<\/strong><\/p>\n<ul>\n<li>Resolver o problema da humidade nas paredes e aplicar pedra na parede exterior maior<\/li>\n<li>Dar-lhe um ar r\u00fastico<\/li>\n<li>Dar cor \u00e0s paredes<\/li>\n<li>Ter menos coisas no espa\u00e7o<\/li>\n<li>Colocar traves de madeira no tecto<\/li>\n<\/ul>\n<p>Acab\u00e1mos por abrir m\u00e3o deste \u00faltimo ponto porque preferimos ir por fases e ver primeiro como resulta esta transforma\u00e7\u00e3o grande.&nbsp;O <em>marid\u00e3o<\/em> gostava das traves no tecto, mas eu n\u00e3o estou muito certa. Gosto de ver o efeito, mas sou de opini\u00e3o que ia fazer a sala parecer menor.<\/p>\n<p><strong>Saiu do espa\u00e7o:<\/strong><\/p>\n<ul>\n<li>O m\u00f3vel grande<\/li>\n<li>Imensos livros<\/li>\n<li>Bibel\u00f4s em excesso<\/li>\n<li>Cortina da janela<\/li>\n<\/ul>\n<p><strong>Novidades no espa\u00e7o:<\/strong><\/p>\n<ul>\n<li>Parede em pedra &#8211;&nbsp;Negra s\u00f3 de refer\u00eancia, mas com o verniz mate ficou um espect\u00e1culo! De referir ainda que n\u00e3o tem&nbsp;placa por tr\u00e1s, s\u00e3o tiras de pedra coladas, o que complica no corte.<\/li>\n<li>Cor da pintura &#8211;&nbsp;Escolhemos dois tons de amarelo para destaque da chamin\u00e9 da lareira, mas s\u00e3o t\u00e3o parecidos&#8230;<\/li>\n<li>Tomadas de exterior &#8211;&nbsp;Para prevenir problemas de humidade, pois as outras criavam condensa\u00e7\u00e3o. E gosto tanto que tenham tampa!<\/li>\n<li>Quadro grande em ferro &#8211;&nbsp;Do mesmo autor do que j\u00e1 t\u00ednhamos &#8211; Nuno Ramalho. Um espect\u00e1culo!<\/li>\n<li>Candeeiros &#8211;&nbsp;Mais a combinar com a nova parede. S\u00f3 tivemos de lhes tapar as tripas. \ud83d\ude42<\/li>\n<li>Menos pe\u00e7as no interior do espa\u00e7o &#8211; Ficou mais minimalista!<\/li>\n<\/ul>\n<p><strong>Ainda em falta:<\/strong><\/p>\n<ul>\n<li>Cortinado das portas<\/li>\n<li>Molduras para fotos da fam\u00edlia<\/li>\n<li>Pendurar o gongo<\/li>\n<li>Resolver canto do sof\u00e1<\/li>\n<li>Eventual candeeiro para o canto<\/li>\n<li>Resto dos instrumentos musicais<\/li>\n<\/ul>\n<p><img fetchpriority=\"high\" decoding=\"async\" class=\"aligncenter size-large wp-image-5203\" src=\"https:\/\/ideiasdafia.pt\/wp-content\/uploads\/2016\/10\/reforma_da_sala_8-644x644.jpg\" alt=\"reforma_da_sala_8\" width=\"644\" height=\"644\" title=\"\"><\/p>\n<p><strong>O que mais gostamos:<\/strong><\/p>\n<p><strong>Eu:<\/strong> parede em pedra e espa\u00e7o mais livre &#8211; <em>ex-ecquo<\/em><\/p>\n<p><strong>Ele:<\/strong> parede em pedra<\/p>\n<p>Parece-me que temos uma parede vencedora! hehehe<\/p>\n<p><strong>A melhorar:<\/strong><\/p>\n<p>Estado do sof\u00e1<\/p>\n<p>E assim ficou para j\u00e1&#8230;<\/p>\n<p><img decoding=\"async\" class=\"aligncenter size-full wp-image-5204\" src=\"https:\/\/ideiasdafia.pt\/wp-content\/uploads\/2016\/10\/reforma_da_sala_7.jpg\" alt=\"reforma_da_sala_7\" width=\"500\" height=\"280\" title=\"\"><\/p>\n<p><strong>Qual foi o seu detalhe preferido?<\/strong><\/p>","protected":false},"excerpt":{"rendered":"<p>Finda a reforma da sala, venho partilhar as novidades consigo. Ainda faltam alguns detalhes mas j\u00e1 estamos em condi\u00e7\u00f5es para receber a sua visita! \ud83d\ude09 Come\u00e7o por dizer que o espa\u00e7o \u00e9 o mesmo, mas \u00e9 praticamente uma divis\u00e3o nova! As ideias iniciais eram: Resolver o problema da humidade nas paredes e aplicar pedra na [&hellip;]<\/p>\n","protected":false},"author":1,"featured_media":9762,"comment_status":"open","ping_status":"open","sticky":false,"template":"","format":"standard","meta":{"site-sidebar-layout":"default","site-content-layout":"","ast-site-content-layout":"default","site-content-style":"default","site-sidebar-style":"default","ast-global-header-display":"","ast-banner-title-visibility":"","ast-main-header-display":"","ast-hfb-above-header-display":"","ast-hfb-below-header-display":"","ast-hfb-mobile-header-display":"","site-post-title":"","ast-breadcrumbs-content":"","ast-featured-img":"","footer-sml-layout":"","ast-disable-related-posts":"","theme-transparent-header-meta":"","adv-header-id-meta":"","stick-header-meta":"","header-above-stick-meta":"","header-main-stick-meta":"","header-below-stick-meta":"","astra-migrate-meta-layouts":"default","ast-page-background-enabled":"default","ast-page-background-meta":{"desktop":{"background-color":"var(--ast-global-color-4)","background-image":"","background-repeat":"repeat","background-position":"center center","background-size":"auto","background-attachment":"scroll","background-type":"","background-media":"","overlay-type":"","overlay-color":"","overlay-opacity":"","overlay-gradient":""},"tablet":{"background-color":"","background-image":"","background-repeat":"repeat","background-position":"center center","background-size":"auto","background-attachment":"scroll","background-type":"","background-media":"","overlay-type":"","overlay-color":"","overlay-opacity":"","overlay-gradient":""},"mobile":{"background-color":"","background-image":"","background-repeat":"repeat","background-position":"center center","background-size":"auto","background-attachment":"scroll","background-type":"","background-media":"","overlay-type":"","overlay-color":"","overlay-opacity":"","overlay-gradient":""}},"ast-content-background-meta":{"desktop":{"background-color":"var(--ast-global-color-5)","background-image":"","background-repeat":"repeat","background-position":"center center","background-size":"auto","background-attachment":"scroll","background-type":"","background-media":"","overlay-type":"","overlay-color":"","overlay-opacity":"","overlay-gradient":""},"tablet":{"background-color":"var(--ast-global-color-5)","background-image":"","background-repeat":"repeat","background-position":"center center","background-size":"auto","background-attachment":"scroll","background-type":"","background-media":"","overlay-type":"","overlay-color":"","overlay-opacity":"","overlay-gradient":""},"mobile":{"background-color":"var(--ast-global-color-5)","background-image":"","background-repeat":"repeat","background-position":"center center","background-size":"auto","background-attachment":"scroll","background-type":"","background-media":"","overlay-type":"","overlay-color":"","overlay-opacity":"","overlay-gradient":""}},"footnotes":""},"categories":[68],"tags":[],"class_list":["post-5201","post","type-post","status-publish","format-standard","has-post-thumbnail","hentry","category-casa"],"_links":{"self":[{"href":"https:\/\/ideiasdafia.pt\/en\/wp-json\/wp\/v2\/posts\/5201","targetHints":{"allow":["GET"]}}],"collection":[{"href":"https:\/\/ideiasdafia.pt\/en\/wp-json\/wp\/v2\/posts"}],"about":[{"href":"https:\/\/ideiasdafia.pt\/en\/wp-json\/wp\/v2\/types\/post"}],"author":[{"embeddable":true,"href":"https:\/\/ideiasdafia.pt\/en\/wp-json\/wp\/v2\/users\/1"}],"replies":[{"embeddable":true,"href":"https:\/\/ideiasdafia.pt\/en\/wp-json\/wp\/v2\/comments?post=5201"}],"version-history":[{"count":0,"href":"https:\/\/ideiasdafia.pt\/en\/wp-json\/wp\/v2\/posts\/5201\/revisions"}],"wp:featuredmedia":[{"embeddable":true,"href":"https:\/\/ideiasdafia.pt\/en\/wp-json\/wp\/v2\/media\/9762"}],"wp:attachment":[{"href":"https:\/\/ideiasdafia.pt\/en\/wp-json\/wp\/v2\/media?parent=5201"}],"wp:term":[{"taxonomy":"category","embeddable":true,"href":"https:\/\/ideiasdafia.pt\/en\/wp-json\/wp\/v2\/categories?post=5201"},{"taxonomy":"post_tag","embeddable":true,"href":"https:\/\/ideiasdafia.pt\/en\/wp-json\/wp\/v2\/tags?post=5201"}],"curies":[{"name":"wp","href":"https:\/\/api.w.org\/{rel}","templated":true}]}}