{"id":216,"date":"2012-05-24T23:41:00","date_gmt":"2012-05-24T23:41:00","guid":{"rendered":"https:\/\/ideiasdafia.pt\/?p=216"},"modified":"2019-08-26T12:14:56","modified_gmt":"2019-08-26T12:14:56","slug":"renovando-a-cara-dos-frigorificos","status":"publish","type":"post","link":"https:\/\/ideiasdafia.pt\/en\/renovando-a-cara-dos-frigorificos\/","title":{"rendered":"Renovando a cara dos frigor\u00edficos"},"content":{"rendered":"<p>Viva!<\/p>\n\n\n\n<p>O projecto de hoje \u00e9 digamos que uma nova maquilhagem no frigor\u00edfico e arca vertical, j\u00e1 que estavam a precisar.<\/p>\n\n\n\n<div class=\"wp-block-image\"><figure class=\"aligncenter is-resized\"><img fetchpriority=\"high\" decoding=\"async\" src=\"https:\/\/ideiasdafia.pt\/wp-content\/uploads\/2012\/05\/frigos-copy-300x216.jpg\" alt=\"\" class=\"wp-image-7525\" width=\"317\" height=\"228\" title=\"\"><\/figure><\/div>\n\n\n\n<p>H\u00e1 j\u00e1 uns meses que tinha comprado para este fim um conjunto de autocolantes (\u20ac0.95), pelos quais me apaixonei&#8230; <\/p>\n\n\n\n<div class=\"wp-block-image\"><figure class=\"aligncenter\"><img decoding=\"async\" src=\"https:\/\/ideiasdafia.pt\/wp-content\/uploads\/2012\/05\/DSC_2738-200x300.jpg\" alt=\"\" class=\"wp-image-7511\" width=\"200\" height=\"300\" title=\"\"><\/figure><\/div>\n\n\n\n<p>Mas ainda n\u00e3o tinha surgido a oportunidade, disponibilidade ou lembran\u00e7a de colocar o projecto em pr\u00e1tica!&nbsp;Hoje foi o dia!<\/p>\n\n\n\n<p>Ainda sobraram autocolantes, pois n\u00e3o quis colocar demasiados elementos. Ainda assim tem uns meio soltos dos restantes, mas serviram para esconder algumas &#8220;quincadas&#8221;.<\/p>\n\n\n\n<p><strong>O que acha do novo look?<\/strong><\/p>\n\n\n\n<p>Beijinhos amorosos,<br>Sofia<\/p>","protected":false},"excerpt":{"rendered":"<p>Viva! O projecto de hoje \u00e9 digamos que uma nova maquilhagem no frigor\u00edfico e arca vertical, j\u00e1 que estavam a precisar. H\u00e1 j\u00e1 uns meses que tinha comprado para este fim um conjunto de autocolantes (\u20ac0.95), pelos quais me apaixonei&#8230; Mas ainda n\u00e3o tinha surgido a oportunidade, disponibilidade ou lembran\u00e7a de colocar o projecto em [&hellip;]<\/p>\n","protected":false},"author":1,"featured_media":7524,"comment_status":"open","ping_status":"open","sticky":false,"template":"","format":"standard","meta":{"site-sidebar-layout":"default","site-content-layout":"","ast-site-content-layout":"default","site-content-style":"default","site-sidebar-style":"default","ast-global-header-display":"","ast-banner-title-visibility":"","ast-main-header-display":"","ast-hfb-above-header-display":"","ast-hfb-below-header-display":"","ast-hfb-mobile-header-display":"","site-post-title":"","ast-breadcrumbs-content":"","ast-featured-img":"","footer-sml-layout":"","ast-disable-related-posts":"","theme-transparent-header-meta":"","adv-header-id-meta":"","stick-header-meta":"","header-above-stick-meta":"","header-main-stick-meta":"","header-below-stick-meta":"","astra-migrate-meta-layouts":"default","ast-page-background-enabled":"default","ast-page-background-meta":{"desktop":{"background-color":"var(--ast-global-color-4)","background-image":"","background-repeat":"repeat","background-position":"center center","background-size":"auto","background-attachment":"scroll","background-type":"","background-media":"","overlay-type":"","overlay-color":"","overlay-opacity":"","overlay-gradient":""},"tablet":{"background-color":"","background-image":"","background-repeat":"repeat","background-position":"center center","background-size":"auto","background-attachment":"scroll","background-type":"","background-media":"","overlay-type":"","overlay-color":"","overlay-opacity":"","overlay-gradient":""},"mobile":{"background-color":"","background-image":"","background-repeat":"repeat","background-position":"center center","background-size":"auto","background-attachment":"scroll","background-type":"","background-media":"","overlay-type":"","overlay-color":"","overlay-opacity":"","overlay-gradient":""}},"ast-content-background-meta":{"desktop":{"background-color":"var(--ast-global-color-5)","background-image":"","background-repeat":"repeat","background-position":"center center","background-size":"auto","background-attachment":"scroll","background-type":"","background-media":"","overlay-type":"","overlay-color":"","overlay-opacity":"","overlay-gradient":""},"tablet":{"background-color":"var(--ast-global-color-5)","background-image":"","background-repeat":"repeat","background-position":"center center","background-size":"auto","background-attachment":"scroll","background-type":"","background-media":"","overlay-type":"","overlay-color":"","overlay-opacity":"","overlay-gradient":""},"mobile":{"background-color":"var(--ast-global-color-5)","background-image":"","background-repeat":"repeat","background-position":"center center","background-size":"auto","background-attachment":"scroll","background-type":"","background-media":"","overlay-type":"","overlay-color":"","overlay-opacity":"","overlay-gradient":""}},"footnotes":""},"categories":[68],"tags":[22,39,13,4,254,6],"class_list":["post-216","post","type-post","status-publish","format-standard","has-post-thumbnail","hentry","category-casa","tag-31-dias","tag-ca-de-casa","tag-cozinha","tag-dicas","tag-frigorificos","tag-inspiracao"],"_links":{"self":[{"href":"https:\/\/ideiasdafia.pt\/en\/wp-json\/wp\/v2\/posts\/216","targetHints":{"allow":["GET"]}}],"collection":[{"href":"https:\/\/ideiasdafia.pt\/en\/wp-json\/wp\/v2\/posts"}],"about":[{"href":"https:\/\/ideiasdafia.pt\/en\/wp-json\/wp\/v2\/types\/post"}],"author":[{"embeddable":true,"href":"https:\/\/ideiasdafia.pt\/en\/wp-json\/wp\/v2\/users\/1"}],"replies":[{"embeddable":true,"href":"https:\/\/ideiasdafia.pt\/en\/wp-json\/wp\/v2\/comments?post=216"}],"version-history":[{"count":0,"href":"https:\/\/ideiasdafia.pt\/en\/wp-json\/wp\/v2\/posts\/216\/revisions"}],"wp:featuredmedia":[{"embeddable":true,"href":"https:\/\/ideiasdafia.pt\/en\/wp-json\/wp\/v2\/media\/7524"}],"wp:attachment":[{"href":"https:\/\/ideiasdafia.pt\/en\/wp-json\/wp\/v2\/media?parent=216"}],"wp:term":[{"taxonomy":"category","embeddable":true,"href":"https:\/\/ideiasdafia.pt\/en\/wp-json\/wp\/v2\/categories?post=216"},{"taxonomy":"post_tag","embeddable":true,"href":"https:\/\/ideiasdafia.pt\/en\/wp-json\/wp\/v2\/tags?post=216"}],"curies":[{"name":"wp","href":"https:\/\/api.w.org\/{rel}","templated":true}]}}