{"id":166,"date":"2012-09-09T16:56:00","date_gmt":"2012-09-09T16:56:00","guid":{"rendered":"https:\/\/ideiasdafia.pt\/?p=166"},"modified":"2019-09-02T08:29:58","modified_gmt":"2019-09-02T08:29:58","slug":"organizacao-em-casa","status":"publish","type":"post","link":"https:\/\/ideiasdafia.pt\/en\/organizacao-em-casa\/","title":{"rendered":"Iniciando um novo projecto 31 dias: Organiza\u00e7\u00e3o em casa"},"content":{"rendered":"<p>Viva!<\/p>\n\n\n\n<p>Este \u00e9 o dia #1 do Projeto 31 Dias de Organiza\u00e7\u00e3o em Casa.<\/p>\n\n\n\n<p>N\u00e3o o fa\u00e7o porque tenho uma casa muito organizada, mas porque gosto de organiza\u00e7\u00e3o e quero deix\u00e1-la mais organizada e funcional! Posso ter um doce por cada vez que usar a palavra organiza\u00e7\u00e3o e o verbo organizar?<\/p>\n\n\n\n<p>Estes projetos partilhados t\u00eam a grande finalidade de me comprometer (consigo) em faz\u00ea-los dentro de um determinado tempo. Os 31 dias podem n\u00e3o ser corridos; tentarei que tenham entre si o espa\u00e7o m\u00e1ximo de uma semana, pelo que irei colocando aqui as ideias conforme for estando dispon\u00edvel para as colocar em pr\u00e1tica. Ao longo do caminho, irei actualizando este <em>post<\/em> para incluir, no final, a lista de links para os 31 dias.<\/p>\n\n\n\n<p>Ent\u00e3o, para come\u00e7ar, pareceu-me boa ideia organizar as ideias sobre organiza\u00e7\u00e3o. Tamb\u00e9m conta como organiza\u00e7\u00e3o, certo?! &nbsp;Antes de mais, uma das ideias que tenho no <a rel=\"noreferrer noopener\" href=\"http:\/\/pinterest.com\/smorgado\/organization-ideas\/\" target=\"_blank\">pinterest<\/a> e que me parece muito boa \u00e9 a ideia da Becky de encher um saco por dia de coisas para ir para o lixo ou para dar.<\/p>\n\n\n\n<div class=\"wp-block-image\"><figure class=\"aligncenter\"><img decoding=\"async\" src=\"https:\/\/ideiasdafia.pt\/wp-content\/uploads\/2012\/09\/organizacao01-683x1024.jpg\" alt=\"\" class=\"wp-image-7958\" width=\"0\" height=\"0\" title=\"\" srcset=\"https:\/\/ideiasdafia.pt\/wp-content\/uploads\/2012\/09\/organizacao01.jpg 683w, https:\/\/ideiasdafia.pt\/wp-content\/uploads\/2012\/09\/organizacao01-200x300.jpg 200w\" sizes=\"(max-width: 683px) 100vw, 683px\" \/><\/figure><\/div>\n\n\n\n<p>E estou cheia de vontade de fazer algo do g\u00e9nero! A minha lista (que poder\u00e1 ser subdividida em alguns espa\u00e7os) passa por: <\/p>\n\n\n\n<p>1. gavetas do escrit\u00f3rio <br>2. gavetas do hall de entrada <br>3. estante do hall de entrada <br>4. gavetas da cozinha <br>5. arm\u00e1rios da cozinha <br>6. arm\u00e1rios dos quartos <br>7. cestos dos brinquedos dos quartos das crian\u00e7as <br>8. arm\u00e1rios das casas de banho <br>9. estante da casa das m\u00e1quinas &nbsp; <\/p>\n\n\n\n<p>Tenho um 10\u00ba, mas \u00e9 um n\u00famero bastante ambicioso&#8230; A garagem! N\u00e3o chega um saco, n\u00e3o chega um dia, n\u00e3o chegam duas m\u00e3os. <\/p>\n\n\n\n<p>A organiza\u00e7\u00e3o desse espa\u00e7o \u00e9 algo que quero fazer com tempo, \u00e0 vontade (melhor seria ter uns dias sozinha para o fazer) e j\u00e1 com ideias claras do resultado final. Por isso quero preparar-me bem para este objectivo e n\u00e3o sei se ser\u00e1 durante este projecto. <\/p>\n\n\n\n<p>Que tal 31 dias de organiza\u00e7\u00e3o na garagem? <br>Muito tempo?<br>Ok&#8230; <\/p>\n\n\n\n<p>Depois debru\u00e7o-me sobre o assunto. <em>First things first!<\/em> <\/p>\n\n\n\n<p>Ent\u00e3o s\u00e3o, \u00e0 partida, 9 dias, 9 sacos, 9 limpezas&#8230; fant\u00e1stico! &nbsp; <\/p>\n\n\n\n<p>Uma outra ideia interessante, que de facto une as op\u00e7\u00f5es com mais escolhas na vota\u00e7\u00e3o para o projecto 31 dias, \u00e9 a de estar atenta, recolher e partilhar ideias para organizar em casa com o m\u00ednimo de custo ou reaproveitando materiais. Esta \u00e9 a ideia da <a rel=\"noreferrer noopener\" href=\"http:\/\/organizingmadefun.blogspot.pt\/p\/31-days-to-cheaply-organize-your-home.html\" target=\"_blank\">Becky<\/a> e \u00e9 s\u00f3 seguir o link para ver as ideias que ela foi apresentando ao longo de 31 dias. &nbsp; <\/p>\n\n\n\n<div class=\"wp-block-image\"><figure class=\"aligncenter\"><img fetchpriority=\"high\" decoding=\"async\" src=\"https:\/\/ideiasdafia.pt\/wp-content\/uploads\/2012\/09\/300x300.jpg\" alt=\"\" class=\"wp-image-7959\" width=\"300\" height=\"300\" title=\"\" srcset=\"https:\/\/ideiasdafia.pt\/wp-content\/uploads\/2012\/09\/300x300.jpg 300w, https:\/\/ideiasdafia.pt\/wp-content\/uploads\/2012\/09\/300x300-150x150.jpg 150w\" sizes=\"(max-width: 300px) 100vw, 300px\" \/><\/figure><\/div>\n\n\n\n<p>Unindo esta ideia \u00e0 vontade (necessidade) de organizar\/remodelar determinados espa\u00e7os, apresentarei ideias para organizar, a baixo custo, \u00e1reas espec\u00edficas das nossas casas. Sara, a cozinha est\u00e1 aqui inclu\u00edda. &nbsp; <\/p>\n\n\n\n<p>E aqui temos: <\/p>\n\n\n\n<p>1. cozinha <br>2. sala <br>3. hall de entrada <br>4. quartos <br>5. arm\u00e1rios (roupas, acess\u00f3rios, etc.) <br>6. escrit\u00f3rio \/ \u00e1rea de trabalho <br>7. casas de banho <br>8. zona de lavandaria <br>9. garagem <br>10. carro (n\u00e3o pode ficar esquecido, n\u00e3o \u00e9?) &nbsp; &nbsp;<\/p>\n\n\n\n<p>E j\u00e1 s\u00e3o 19. Faltam 12 temas de inspira\u00e7\u00e3o para organiza\u00e7\u00e3o que, sem d\u00favida, ir\u00e3o surgir ao longo do caminho. <br>Est\u00e1 a faltar-me algo importante? <br>Quais s\u00e3o as suas dicas? &nbsp; <\/p>\n\n\n\n<p>As listas que apresentei est\u00e3o numeradas, o que n\u00e3o significa que essa seja a ordem a seguir. &nbsp; <\/p>\n\n\n\n<p><strong>Lista dos 31 dias:<\/strong><\/p>\n\n\n\n<p><a href=\"https:\/\/ideiasdafia.pt\/en\/?p=166\">1. Iniciando o projecto &#8211; organizando ideias<\/a><br><a href=\"https:\/\/ideiasdafia.pt\/en\/?p=165\">2. Organiza\u00e7\u00e3o nas gavetas do escrit\u00f3rio<\/a><br><a href=\"https:\/\/ideiasdafia.pt\/en\/?p=164\">3. Ideias de organiza\u00e7\u00e3o no escrit\u00f3rio<\/a><br><a href=\"https:\/\/ideiasdafia.pt\/en\/?p=163\">4. Limpeza no roupeiro<\/a><br><a href=\"https:\/\/ideiasdafia.pt\/en\/?p=162\">5. Ideias de organiza\u00e7\u00e3o no quarto<\/a><br><a href=\"https:\/\/ideiasdafia.pt\/en\/?p=161\">6. Os quartos das crian\u00e7as<\/a><br><a href=\"https:\/\/ideiasdafia.pt\/en\/?p=157\">7. Dicas de organiza\u00e7\u00e3o na cozinha<\/a><br><a href=\"https:\/\/ideiasdafia.pt\/en\/?p=156\">8. Organiza\u00e7\u00e3o na cozinha<\/a><br><a href=\"https:\/\/ideiasdafia.pt\/en\/?p=154\">9. Casa das m\u00e1quinas (lavandaria)<\/a><br><a href=\"https:\/\/ideiasdafia.pt\/en\/?p=150\">10. Ideias para organiza\u00e7\u00e3o na zona da lavandaria<\/a><br><a href=\"https:\/\/ideiasdafia.pt\/en\/?p=148\">11. Organiza\u00e7\u00e3o no espa\u00e7o virtual do escrit\u00f3rio<\/a><br><a href=\"https:\/\/ideiasdafia.pt\/en\/?p=147\">12. Personalizando o espa\u00e7o &#8211; parte 1<\/a><br><a href=\"https:\/\/ideiasdafia.pt\/en\/?p=146\" target=\"_blank\" rel=\"noopener noreferrer\">13. Personalizando o espa\u00e7o &#8211; parte 2<\/a><br><a rel=\"noreferrer noopener\" href=\"https:\/\/ideiasdafia.pt\/en\/?p=142\" target=\"_blank\">14. Limpeza e organiza\u00e7\u00e3o r\u00e1pidas ao longo do dia<\/a><br><a href=\"https:\/\/ideiasdafia.pt\/en\/dicas-de-organizacao-na-casa-de-banho\/\">15. Dicas de organiza\u00e7\u00e3o na casa de banho<\/a><br><a href=\"https:\/\/ideiasdafia.pt\/en\/?p=140\">16. Organiza\u00e7\u00e3o da nossa casa de banho<\/a><br><a href=\"https:\/\/ideiasdafia.pt\/en\/?p=139\">17. Mosaico Organiza\u00e7\u00e3o em Casa e actualiza\u00e7\u00e3o no Projecto<\/a><br><a href=\"https:\/\/ideiasdafia.pt\/en\/?p=135\">18. 7 bons h\u00e1bitos para uma vida\/casa mais organizada<\/a><br><a href=\"https:\/\/ideiasdafia.pt\/en\/?p=134\">19. 5 dicas para se motivar a organizar a sua casa<\/a><br><a href=\"https:\/\/ideiasdafia.pt\/en\/organizar-o-carro-em-3-passos\/\" target=\"_blank\" rel=\"noopener noreferrer\">20. Organizar o carro em 3 passos<\/a><br><a rel=\"noreferrer noopener\" href=\"https:\/\/ideiasdafia.pt\/en\/?p=132\" target=\"_blank\">21. 6 dicas para ter menos papel para organizar<\/a><br><a rel=\"noreferrer noopener\" href=\"https:\/\/ideiasdafia.pt\/en\/?p=131\" target=\"_blank\">22. Vendas de garagem ou vendas online<\/a><br><a rel=\"noreferrer noopener\" href=\"https:\/\/ideiasdafia.pt\/en\/?p=130\" target=\"_blank\">23. Organiza\u00e7\u00e3o enquanto processo cont\u00ednuo, dicas da Laura<\/a><br><a href=\"https:\/\/ideiasdafia.pt\/en\/?p=128\">24. Organizando um espa\u00e7o da casa no arm\u00e1rio<\/a><br><a href=\"https:\/\/ideiasdafia.pt\/en\/?p=125\">25. Inspira\u00e7\u00e3o para organiza\u00e7\u00e3o na garagem<\/a><br><a href=\"https:\/\/ideiasdafia.pt\/en\/?p=123\">26. Video sobre organiza\u00e7\u00e3o na mala<\/a><br><a href=\"https:\/\/ideiasdafia.pt\/en\/?p=117\" target=\"_blank\" rel=\"noopener noreferrer\">27.&nbsp;2 videos com diversas dicas de organiza\u00e7\u00e3o<\/a><br><a rel=\"noreferrer noopener\" href=\"https:\/\/ideiasdafia.pt\/en\/?p=116\" target=\"_blank\">28.&nbsp;Ideias de organiza\u00e7\u00e3o no hall de entrada<\/a><br><a href=\"https:\/\/ideiasdafia.pt\/en\/?p=112\">29. Ideias para organiza\u00e7\u00e3o da sala da fam\u00edlia<\/a><br><a href=\"https:\/\/ideiasdafia.pt\/en\/?p=111\">30. Organiza\u00e7\u00e3o pessoal<\/a><br><a href=\"https:\/\/ideiasdafia.pt\/en\/?p=106\">31. Balan\u00e7o<\/a><\/p>\n\n\n\n<p>Beijocas organizadas, <br>Sofia <\/p>","protected":false},"excerpt":{"rendered":"<p>Viva! Este \u00e9 o dia #1 do Projeto 31 Dias de Organiza\u00e7\u00e3o em Casa. N\u00e3o o fa\u00e7o porque tenho uma casa muito organizada, mas porque gosto de organiza\u00e7\u00e3o e quero deix\u00e1-la mais organizada e funcional! Posso ter um doce por cada vez que usar a palavra organiza\u00e7\u00e3o e o verbo organizar? Estes projetos partilhados t\u00eam [&hellip;]<\/p>\n","protected":false},"author":1,"featured_media":7975,"comment_status":"open","ping_status":"open","sticky":false,"template":"","format":"standard","meta":{"site-sidebar-layout":"default","site-content-layout":"","ast-site-content-layout":"default","site-content-style":"default","site-sidebar-style":"default","ast-global-header-display":"","ast-banner-title-visibility":"","ast-main-header-display":"","ast-hfb-above-header-display":"","ast-hfb-below-header-display":"","ast-hfb-mobile-header-display":"","site-post-title":"","ast-breadcrumbs-content":"","ast-featured-img":"","footer-sml-layout":"","ast-disable-related-posts":"","theme-transparent-header-meta":"","adv-header-id-meta":"","stick-header-meta":"","header-above-stick-meta":"","header-main-stick-meta":"","header-below-stick-meta":"","astra-migrate-meta-layouts":"default","ast-page-background-enabled":"default","ast-page-background-meta":{"desktop":{"background-color":"var(--ast-global-color-4)","background-image":"","background-repeat":"repeat","background-position":"center center","background-size":"auto","background-attachment":"scroll","background-type":"","background-media":"","overlay-type":"","overlay-color":"","overlay-opacity":"","overlay-gradient":""},"tablet":{"background-color":"","background-image":"","background-repeat":"repeat","background-position":"center center","background-size":"auto","background-attachment":"scroll","background-type":"","background-media":"","overlay-type":"","overlay-color":"","overlay-opacity":"","overlay-gradient":""},"mobile":{"background-color":"","background-image":"","background-repeat":"repeat","background-position":"center center","background-size":"auto","background-attachment":"scroll","background-type":"","background-media":"","overlay-type":"","overlay-color":"","overlay-opacity":"","overlay-gradient":""}},"ast-content-background-meta":{"desktop":{"background-color":"var(--ast-global-color-5)","background-image":"","background-repeat":"repeat","background-position":"center center","background-size":"auto","background-attachment":"scroll","background-type":"","background-media":"","overlay-type":"","overlay-color":"","overlay-opacity":"","overlay-gradient":""},"tablet":{"background-color":"var(--ast-global-color-5)","background-image":"","background-repeat":"repeat","background-position":"center center","background-size":"auto","background-attachment":"scroll","background-type":"","background-media":"","overlay-type":"","overlay-color":"","overlay-opacity":"","overlay-gradient":""},"mobile":{"background-color":"var(--ast-global-color-5)","background-image":"","background-repeat":"repeat","background-position":"center center","background-size":"auto","background-attachment":"scroll","background-type":"","background-media":"","overlay-type":"","overlay-color":"","overlay-opacity":"","overlay-gradient":""}},"footnotes":""},"categories":[93,84],"tags":[22,94,85,23],"class_list":["post-166","post","type-post","status-publish","format-standard","has-post-thumbnail","hentry","category-destralhe","category-organizacao","tag-31-dias","tag-destralhe","tag-organizacao","tag-projeto"],"_links":{"self":[{"href":"https:\/\/ideiasdafia.pt\/en\/wp-json\/wp\/v2\/posts\/166","targetHints":{"allow":["GET"]}}],"collection":[{"href":"https:\/\/ideiasdafia.pt\/en\/wp-json\/wp\/v2\/posts"}],"about":[{"href":"https:\/\/ideiasdafia.pt\/en\/wp-json\/wp\/v2\/types\/post"}],"author":[{"embeddable":true,"href":"https:\/\/ideiasdafia.pt\/en\/wp-json\/wp\/v2\/users\/1"}],"replies":[{"embeddable":true,"href":"https:\/\/ideiasdafia.pt\/en\/wp-json\/wp\/v2\/comments?post=166"}],"version-history":[{"count":0,"href":"https:\/\/ideiasdafia.pt\/en\/wp-json\/wp\/v2\/posts\/166\/revisions"}],"wp:featuredmedia":[{"embeddable":true,"href":"https:\/\/ideiasdafia.pt\/en\/wp-json\/wp\/v2\/media\/7975"}],"wp:attachment":[{"href":"https:\/\/ideiasdafia.pt\/en\/wp-json\/wp\/v2\/media?parent=166"}],"wp:term":[{"taxonomy":"category","embeddable":true,"href":"https:\/\/ideiasdafia.pt\/en\/wp-json\/wp\/v2\/categories?post=166"},{"taxonomy":"post_tag","embeddable":true,"href":"https:\/\/ideiasdafia.pt\/en\/wp-json\/wp\/v2\/tags?post=166"}],"curies":[{"name":"wp","href":"https:\/\/api.w.org\/{rel}","templated":true}]}}