{"id":125,"date":"2012-12-07T15:53:00","date_gmt":"2012-12-07T15:53:00","guid":{"rendered":"https:\/\/ideiasdafia.pt\/?p=125"},"modified":"2019-09-02T08:03:50","modified_gmt":"2019-09-02T08:03:50","slug":"inspiracao-para-organizacao-na-garagem","status":"publish","type":"post","link":"https:\/\/ideiasdafia.pt\/en\/inspiracao-para-organizacao-na-garagem\/","title":{"rendered":"Inspira\u00e7\u00e3o para organiza\u00e7\u00e3o na garagem"},"content":{"rendered":"<p>Viva! <\/p>\n\n\n\n<p>Para n\u00f3s a garagem \u00e9 um espa\u00e7o dif\u00edcil, mas cada vez est\u00e1 mais pr\u00f3ximo o dia em que se acabar\u00e1 a bagun\u00e7a. (pensamento positivo!) &nbsp; <\/p>\n\n\n\n<p>Este espa\u00e7o da casa n\u00e3o ser\u00e1 inclu\u00eddo neste projecto, pelo que espero mostrar-lhe um antes e depois por aqui, mas, na minha perspectiva, s\u00f3 dentro de alguns meses! No entanto, n\u00e3o podia deixar este espa\u00e7o da casa totalmente de fora, n\u00e3o \u00e9?! Assim sendo, partilho a inspira\u00e7\u00e3o que tenho por aqui&#8230; E como sou adepta do aproveitamento do espa\u00e7o vertical&#8230; <\/p>\n\n\n\n<div class=\"wp-block-image\"><figure class=\"aligncenter\"><img fetchpriority=\"high\" decoding=\"async\" src=\"https:\/\/ideiasdafia.pt\/wp-content\/uploads\/2012\/12\/236227942923964396_CDvMIZTe_c.jpg\" alt=\"\" class=\"wp-image-8378\" width=\"550\" height=\"550\" title=\"\" srcset=\"https:\/\/ideiasdafia.pt\/wp-content\/uploads\/2012\/12\/236227942923964396_CDvMIZTe_c.jpg 550w, https:\/\/ideiasdafia.pt\/wp-content\/uploads\/2012\/12\/236227942923964396_CDvMIZTe_c-150x150.jpg 150w, https:\/\/ideiasdafia.pt\/wp-content\/uploads\/2012\/12\/236227942923964396_CDvMIZTe_c-300x300.jpg 300w\" sizes=\"(max-width: 550px) 100vw, 550px\" \/><\/figure><\/div>\n\n\n\n<p>S\u00e3o \u00fateis prateleiras na parede e no tecto!&#8230; <\/p>\n\n\n\n<div class=\"wp-block-image\"><figure class=\"aligncenter\"><img decoding=\"async\" src=\"https:\/\/ideiasdafia.pt\/wp-content\/uploads\/2012\/12\/281826889151025234_fZsCzblu_c.jpg\" alt=\"\" class=\"wp-image-8379\" width=\"427\" height=\"640\" title=\"\" srcset=\"https:\/\/ideiasdafia.pt\/wp-content\/uploads\/2012\/12\/281826889151025234_fZsCzblu_c.jpg 427w, https:\/\/ideiasdafia.pt\/wp-content\/uploads\/2012\/12\/281826889151025234_fZsCzblu_c-200x300.jpg 200w\" sizes=\"(max-width: 427px) 100vw, 427px\" \/><\/figure><\/div>\n\n\n\n<p>Nada melhor que a garagem para preencher as paredes e deixar o ch\u00e3o livre! <\/p>\n\n\n\n<div class=\"wp-block-image\"><figure class=\"aligncenter is-resized\"><img decoding=\"async\" src=\"https:\/\/ideiasdafia.pt\/wp-content\/uploads\/2012\/12\/261912534548923091_rXdaLCkV_c.jpg\" alt=\"\" class=\"wp-image-8383\" width=\"426\" height=\"568\" title=\"\" srcset=\"https:\/\/ideiasdafia.pt\/wp-content\/uploads\/2012\/12\/261912534548923091_rXdaLCkV_c.jpg 550w, https:\/\/ideiasdafia.pt\/wp-content\/uploads\/2012\/12\/261912534548923091_rXdaLCkV_c-225x300.jpg 225w\" sizes=\"(max-width: 426px) 100vw, 426px\" \/><\/figure><\/div>\n\n\n\n<div class=\"wp-block-image\"><figure class=\"aligncenter\"><img loading=\"lazy\" decoding=\"async\" src=\"https:\/\/ideiasdafia.pt\/wp-content\/uploads\/2012\/12\/IMG_1396.jpg\" alt=\"\" class=\"wp-image-8384\" width=\"300\" height=\"400\" title=\"\" srcset=\"https:\/\/ideiasdafia.pt\/wp-content\/uploads\/2012\/12\/IMG_1396.jpg 300w, https:\/\/ideiasdafia.pt\/wp-content\/uploads\/2012\/12\/IMG_1396-225x300.jpg 225w\" sizes=\"(max-width: 300px) 100vw, 300px\" \/><\/figure><\/div>\n\n\n\n<div class=\"wp-block-image\"><figure class=\"aligncenter is-resized\"><img loading=\"lazy\" decoding=\"async\" src=\"https:\/\/ideiasdafia.pt\/wp-content\/uploads\/2012\/12\/IMG_2364.jpg\" alt=\"\" class=\"wp-image-8385\" width=\"484\" height=\"374\" title=\"\" srcset=\"https:\/\/ideiasdafia.pt\/wp-content\/uploads\/2012\/12\/IMG_2364.jpg 554w, https:\/\/ideiasdafia.pt\/wp-content\/uploads\/2012\/12\/IMG_2364-300x232.jpg 300w\" sizes=\"(max-width: 484px) 100vw, 484px\" \/><\/figure><\/div>\n\n\n\n<p>Para arrumar as bolas da pequenada&#8230; <\/p>\n\n\n\n<div class=\"wp-block-image\"><figure class=\"aligncenter\"><img loading=\"lazy\" decoding=\"async\" src=\"https:\/\/ideiasdafia.pt\/wp-content\/uploads\/2012\/12\/IMG_3295.jpg\" alt=\"\" class=\"wp-image-8386\" width=\"386\" height=\"562\" title=\"\" srcset=\"https:\/\/ideiasdafia.pt\/wp-content\/uploads\/2012\/12\/IMG_3295.jpg 386w, https:\/\/ideiasdafia.pt\/wp-content\/uploads\/2012\/12\/IMG_3295-206x300.jpg 206w\" sizes=\"(max-width: 386px) 100vw, 386px\" \/><\/figure><\/div>\n\n\n\n<div class=\"wp-block-image\"><figure class=\"aligncenter is-resized\"><img loading=\"lazy\" decoding=\"async\" src=\"https:\/\/ideiasdafia.pt\/wp-content\/uploads\/2012\/12\/IMG_5348.jpg\" alt=\"\" class=\"wp-image-8387\" width=\"385\" height=\"579\" title=\"\" srcset=\"https:\/\/ideiasdafia.pt\/wp-content\/uploads\/2012\/12\/IMG_5348.jpg 679w, https:\/\/ideiasdafia.pt\/wp-content\/uploads\/2012\/12\/IMG_5348-199x300.jpg 199w\" sizes=\"(max-width: 385px) 100vw, 385px\" \/><\/figure><\/div>\n\n\n\n<p>E para os cabos que costumam ficar emaranhados dentro de uma (ou v\u00e1rias) caixa(s)&#8230; <\/p>\n\n\n\n<div class=\"wp-block-image\"><figure class=\"aligncenter is-resized\"><img loading=\"lazy\" decoding=\"async\" src=\"https:\/\/ideiasdafia.pt\/wp-content\/uploads\/2012\/12\/IMG_5353.jpg\" alt=\"\" class=\"wp-image-8388\" width=\"388\" height=\"291\" title=\"\" srcset=\"https:\/\/ideiasdafia.pt\/wp-content\/uploads\/2012\/12\/IMG_5353.jpg 500w, https:\/\/ideiasdafia.pt\/wp-content\/uploads\/2012\/12\/IMG_5353-300x225.jpg 300w\" sizes=\"(max-width: 388px) 100vw, 388px\" \/><\/figure><\/div>\n\n\n\n<p>Aproveitei esta ideia dos rolos de papel higi\u00e9nico vazios para organizar cabos e carregadores numa gaveta do escrit\u00f3rio, mas excelente para ajudar a p\u00f4r alguma ordem na garagem tamb\u00e9m.<\/p>\n\n\n\n<div class=\"wp-block-image\"><figure class=\"aligncenter\"><img loading=\"lazy\" decoding=\"async\" src=\"https:\/\/ideiasdafia.pt\/wp-content\/uploads\/2012\/12\/bike-basket-0811mld107418_vert.jpg\" alt=\"\" class=\"wp-image-8389\" width=\"360\" height=\"450\" title=\"\" srcset=\"https:\/\/ideiasdafia.pt\/wp-content\/uploads\/2012\/12\/bike-basket-0811mld107418_vert.jpg 360w, https:\/\/ideiasdafia.pt\/wp-content\/uploads\/2012\/12\/bike-basket-0811mld107418_vert-240x300.jpg 240w\" sizes=\"(max-width: 360px) 100vw, 360px\" \/><\/figure><\/div>\n\n\n\n<p>Estes espa\u00e7os verticais (abaixo) s\u00e3o excelentes para manter as canas de pesca juntas&#8230; para quem as tem, claro! Mas h\u00e1 sempre outras coisas que acabam por ali ir parar (leia-se: \u00e0 garagem) e que podem precisar de um nicho assim&#8230; <\/p>\n\n\n\n<div class=\"wp-block-image\"><figure class=\"aligncenter\"><img loading=\"lazy\" decoding=\"async\" src=\"https:\/\/ideiasdafia.pt\/wp-content\/uploads\/2012\/12\/la_gt04_bungee_cord_xl.jpg\" alt=\"\" class=\"wp-image-8390\" width=\"360\" height=\"450\" title=\"\" srcset=\"https:\/\/ideiasdafia.pt\/wp-content\/uploads\/2012\/12\/la_gt04_bungee_cord_xl.jpg 360w, https:\/\/ideiasdafia.pt\/wp-content\/uploads\/2012\/12\/la_gt04_bungee_cord_xl-240x300.jpg 240w\" sizes=\"(max-width: 360px) 100vw, 360px\" \/><\/figure><\/div>\n\n\n\n<div class=\"wp-block-image\"><figure class=\"aligncenter\"><img loading=\"lazy\" decoding=\"async\" src=\"https:\/\/ideiasdafia.pt\/wp-content\/uploads\/2012\/12\/la_gt04_tool_wall_xl.jpg\" alt=\"\" class=\"wp-image-8391\" width=\"360\" height=\"450\" title=\"\" srcset=\"https:\/\/ideiasdafia.pt\/wp-content\/uploads\/2012\/12\/la_gt04_tool_wall_xl.jpg 360w, https:\/\/ideiasdafia.pt\/wp-content\/uploads\/2012\/12\/la_gt04_tool_wall_xl-240x300.jpg 240w\" sizes=\"(max-width: 360px) 100vw, 360px\" \/><\/figure><\/div>\n\n\n\n<p>As caixas e caixinhas&#8230; <\/p>\n\n\n\n<div class=\"wp-block-image\"><figure class=\"aligncenter\"><img loading=\"lazy\" decoding=\"async\" src=\"https:\/\/ideiasdafia.pt\/wp-content\/uploads\/2012\/12\/tvs7958_l.jpg\" alt=\"\" class=\"wp-image-8392\" width=\"225\" height=\"281\" title=\"\"><\/figure><\/div>\n\n\n\n<p>sempre \u00fateis! <\/p>\n\n\n\n<div class=\"wp-block-image\"><figure class=\"aligncenter\"><img loading=\"lazy\" decoding=\"async\" src=\"https:\/\/ideiasdafia.pt\/wp-content\/uploads\/2012\/12\/13229392624889782_bvCb9jtg_c.jpg\" alt=\"\" class=\"wp-image-8380\" width=\"360\" height=\"450\" title=\"\" srcset=\"https:\/\/ideiasdafia.pt\/wp-content\/uploads\/2012\/12\/13229392624889782_bvCb9jtg_c.jpg 360w, https:\/\/ideiasdafia.pt\/wp-content\/uploads\/2012\/12\/13229392624889782_bvCb9jtg_c-240x300.jpg 240w\" sizes=\"(max-width: 360px) 100vw, 360px\" \/><\/figure><\/div>\n\n\n\n<div class=\"wp-block-image\"><figure class=\"aligncenter\"><img loading=\"lazy\" decoding=\"async\" src=\"https:\/\/ideiasdafia.pt\/wp-content\/uploads\/2012\/12\/69735494199593922_dvVA2Js3_c.jpg\" alt=\"\" class=\"wp-image-8381\" width=\"300\" height=\"372\" title=\"\" srcset=\"https:\/\/ideiasdafia.pt\/wp-content\/uploads\/2012\/12\/69735494199593922_dvVA2Js3_c.jpg 300w, https:\/\/ideiasdafia.pt\/wp-content\/uploads\/2012\/12\/69735494199593922_dvVA2Js3_c-242x300.jpg 242w\" sizes=\"(max-width: 300px) 100vw, 300px\" \/><\/figure><\/div>\n\n\n\n<p>Este sistema (abaixo) tanto pode servir para os reciclados, como para organizar qualquer outro material. N\u00e3o \u00e9 uma \u00f3ptima ideia?<\/p>\n\n\n\n<div class=\"wp-block-image\"><figure class=\"aligncenter\"><img loading=\"lazy\" decoding=\"async\" src=\"https:\/\/ideiasdafia.pt\/wp-content\/uploads\/2012\/12\/71142869083677661_u4NBjjKO_c.jpg\" alt=\"\" class=\"wp-image-8393\" width=\"300\" height=\"300\" title=\"\" srcset=\"https:\/\/ideiasdafia.pt\/wp-content\/uploads\/2012\/12\/71142869083677661_u4NBjjKO_c.jpg 300w, https:\/\/ideiasdafia.pt\/wp-content\/uploads\/2012\/12\/71142869083677661_u4NBjjKO_c-150x150.jpg 150w\" sizes=\"(max-width: 300px) 100vw, 300px\" \/><\/figure><\/div>\n\n\n\n<p>E a pr\u00f3xima ideia \u00e9 das minhas preferidas! <\/p>\n\n\n\n<div class=\"wp-block-image\"><figure class=\"aligncenter\"><img loading=\"lazy\" decoding=\"async\" src=\"https:\/\/ideiasdafia.pt\/wp-content\/uploads\/2012\/12\/76983474849892914_tznXkZba_c.jpg\" alt=\"\" class=\"wp-image-8382\" width=\"285\" height=\"350\" title=\"\" srcset=\"https:\/\/ideiasdafia.pt\/wp-content\/uploads\/2012\/12\/76983474849892914_tznXkZba_c.jpg 285w, https:\/\/ideiasdafia.pt\/wp-content\/uploads\/2012\/12\/76983474849892914_tznXkZba_c-244x300.jpg 244w\" sizes=\"(max-width: 285px) 100vw, 285px\" \/><\/figure><\/div>\n\n\n\n<p>Adoro!<br>E voc\u00ea? Espero que tenha gostado.<br>Ficam a\u00ed as dicas.<\/p>\n\n\n\n<p>Beijinhos,<\/p>\n\n\n\n<p><em>(Este \u00e9 o post #25 do&nbsp;<\/em><a rel=\"noreferrer noopener\" href=\"https:\/\/ideiasdafia.pt\/en\/?p=166\" target=\"_blank\"><em>Projecto 31 Dias de Organiza\u00e7\u00e3o em Casa<\/em><\/a><em>. Se n\u00e3o tem vindo a acompanhar esta s\u00e9rie de dicas de organiza\u00e7\u00e3o, pode clicar no <\/em><a href=\"https:\/\/ideiasdafia.pt\/en\/?p=166\"><em>link<\/em><\/a><em> para ver todos os assuntos e espa\u00e7os abordados at\u00e9 \u00e0 data. E ainda est\u00e1 a decorrer o <\/em><a href=\"https:\/\/ideiasdafia.pt\/en\/?p=139\"><em>mosaico<\/em><\/a><em> sob o tema, a sua participa\u00e7\u00e3o \u00e9 bem-vinda!)<\/em><\/p>","protected":false},"excerpt":{"rendered":"<p>Viva! Para n\u00f3s a garagem \u00e9 um espa\u00e7o dif\u00edcil, mas cada vez est\u00e1 mais pr\u00f3ximo o dia em que se acabar\u00e1 a bagun\u00e7a. (pensamento positivo!) &nbsp; Este espa\u00e7o da casa n\u00e3o ser\u00e1 inclu\u00eddo neste projecto, pelo que espero mostrar-lhe um antes e depois por aqui, mas, na minha perspectiva, s\u00f3 dentro de alguns meses! No [&hellip;]<\/p>\n","protected":false},"author":1,"featured_media":7975,"comment_status":"open","ping_status":"open","sticky":false,"template":"","format":"standard","meta":{"site-sidebar-layout":"default","site-content-layout":"","ast-site-content-layout":"default","site-content-style":"default","site-sidebar-style":"default","ast-global-header-display":"","ast-banner-title-visibility":"","ast-main-header-display":"","ast-hfb-above-header-display":"","ast-hfb-below-header-display":"","ast-hfb-mobile-header-display":"","site-post-title":"","ast-breadcrumbs-content":"","ast-featured-img":"","footer-sml-layout":"","ast-disable-related-posts":"","theme-transparent-header-meta":"","adv-header-id-meta":"","stick-header-meta":"","header-above-stick-meta":"","header-main-stick-meta":"","header-below-stick-meta":"","astra-migrate-meta-layouts":"default","ast-page-background-enabled":"default","ast-page-background-meta":{"desktop":{"background-color":"var(--ast-global-color-4)","background-image":"","background-repeat":"repeat","background-position":"center center","background-size":"auto","background-attachment":"scroll","background-type":"","background-media":"","overlay-type":"","overlay-color":"","overlay-opacity":"","overlay-gradient":""},"tablet":{"background-color":"","background-image":"","background-repeat":"repeat","background-position":"center center","background-size":"auto","background-attachment":"scroll","background-type":"","background-media":"","overlay-type":"","overlay-color":"","overlay-opacity":"","overlay-gradient":""},"mobile":{"background-color":"","background-image":"","background-repeat":"repeat","background-position":"center center","background-size":"auto","background-attachment":"scroll","background-type":"","background-media":"","overlay-type":"","overlay-color":"","overlay-opacity":"","overlay-gradient":""}},"ast-content-background-meta":{"desktop":{"background-color":"var(--ast-global-color-5)","background-image":"","background-repeat":"repeat","background-position":"center center","background-size":"auto","background-attachment":"scroll","background-type":"","background-media":"","overlay-type":"","overlay-color":"","overlay-opacity":"","overlay-gradient":""},"tablet":{"background-color":"var(--ast-global-color-5)","background-image":"","background-repeat":"repeat","background-position":"center center","background-size":"auto","background-attachment":"scroll","background-type":"","background-media":"","overlay-type":"","overlay-color":"","overlay-opacity":"","overlay-gradient":""},"mobile":{"background-color":"var(--ast-global-color-5)","background-image":"","background-repeat":"repeat","background-position":"center center","background-size":"auto","background-attachment":"scroll","background-type":"","background-media":"","overlay-type":"","overlay-color":"","overlay-opacity":"","overlay-gradient":""}},"footnotes":""},"categories":[84],"tags":[22,4,6,85],"class_list":["post-125","post","type-post","status-publish","format-standard","has-post-thumbnail","hentry","category-organizacao","tag-31-dias","tag-dicas","tag-inspiracao","tag-organizacao"],"_links":{"self":[{"href":"https:\/\/ideiasdafia.pt\/en\/wp-json\/wp\/v2\/posts\/125","targetHints":{"allow":["GET"]}}],"collection":[{"href":"https:\/\/ideiasdafia.pt\/en\/wp-json\/wp\/v2\/posts"}],"about":[{"href":"https:\/\/ideiasdafia.pt\/en\/wp-json\/wp\/v2\/types\/post"}],"author":[{"embeddable":true,"href":"https:\/\/ideiasdafia.pt\/en\/wp-json\/wp\/v2\/users\/1"}],"replies":[{"embeddable":true,"href":"https:\/\/ideiasdafia.pt\/en\/wp-json\/wp\/v2\/comments?post=125"}],"version-history":[{"count":0,"href":"https:\/\/ideiasdafia.pt\/en\/wp-json\/wp\/v2\/posts\/125\/revisions"}],"wp:featuredmedia":[{"embeddable":true,"href":"https:\/\/ideiasdafia.pt\/en\/wp-json\/wp\/v2\/media\/7975"}],"wp:attachment":[{"href":"https:\/\/ideiasdafia.pt\/en\/wp-json\/wp\/v2\/media?parent=125"}],"wp:term":[{"taxonomy":"category","embeddable":true,"href":"https:\/\/ideiasdafia.pt\/en\/wp-json\/wp\/v2\/categories?post=125"},{"taxonomy":"post_tag","embeddable":true,"href":"https:\/\/ideiasdafia.pt\/en\/wp-json\/wp\/v2\/tags?post=125"}],"curies":[{"name":"wp","href":"https:\/\/api.w.org\/{rel}","templated":true}]}}