{"id":106,"date":"2013-06-21T20:57:00","date_gmt":"2013-06-21T20:57:00","guid":{"rendered":"https:\/\/ideiasdafia.pt\/?p=106"},"modified":"2019-09-07T11:15:34","modified_gmt":"2019-09-07T11:15:34","slug":"31-dias-de-organizacao-balanco","status":"publish","type":"post","link":"https:\/\/ideiasdafia.pt\/en\/31-dias-de-organizacao-balanco\/","title":{"rendered":"Projecto 31 Dias de Organiza\u00e7\u00e3o: Balan\u00e7o"},"content":{"rendered":"<p>E este \u00e9 o #31!<br>J\u00e1 n\u00e3o era sem tempo, certo? <\/p>\n\n\n\n<p>\n\nAchei de bom tom fazer o balan\u00e7o deste projecto e a primeira coisa (de nota) de que me lembrei foi o tempo que ele levou. J\u00e1 deu para ver que os meus projectos de 31 dias n\u00e3o decorrem bem em 31 dias &#8211; n\u00e3o consecutivos! Talvez repense a ideias dos projectos e os torne semanais!&#8230; o que lhe parece?\n<\/p>\n\n\n\n<p>O que aproveitei desta experi\u00eancia&#8230;<\/p>\n\n\n\n<ul class=\"wp-block-list\"><li>aprendi dicas interessantes que vou continuar a p\u00f4r em pr\u00e1tica,<\/li><li>experimentei o conceito &#8220;cozinhar para congelar&#8221; e gostei,<\/li><li>coloquei as gavetas em ordem (e n\u00e3o \u00e9 que continuam em ordem?),<\/li><li>ganhei espa\u00e7o e funcionalidade no arm\u00e1rio,<\/li><li>e ganhei uma lavandaria nova! (ainda resulta num big smile por aqui)<\/li><\/ul>\n\n\n\n<p>Sobraram para outras n\u00fapcias&#8230;<\/p>\n\n\n\n<ul class=\"wp-block-list\"><li>as gavetas e a estante do hall de entrada,<\/li><li>a garagem (!),<\/li><li>o m\u00f3vel da sala,<\/li><li>ah e&#8230; j\u00e1 mencionei a garagem? <\/li><\/ul>\n\n\n\n<p>Ficaram, sem d\u00favida, temas por abordar, como aquelas coisas que \u00e9 preciso ter em casa para casos de emerg\u00eancia e que n\u00e3o sabemos onde param quando s\u00e3o precisas. <\/p>\n\n\n\n<p>Bom exemplo disso s\u00e3o as velas ou lanternas para quando falta a luz ou o quadro dispara. Est\u00e3o sempre no mesmo s\u00edtio? \u00c9 o melhor s\u00edtio para elas? Tem por perto os f\u00f3sforos para as velas? E as pilhas para as lanternas? Enfim! H\u00e1 sempre mais do que falar quando o tema \u00e9 organiza\u00e7\u00e3o. &nbsp; <\/p>\n\n\n\n<p>No fundo, aquilo que \u00e9 importante reter do processo \u00e9 a necessidade de des-bagun\u00e7ar, limpar e organizar qualquer espa\u00e7o da nossa casa ou da nossa vida! \ud83d\ude09 As estrat\u00e9gias s\u00e3o transversais e est\u00e3o bem claras no <a rel=\"noreferrer noopener\" href=\"https:\/\/ideiasdafia.pt\/en\/?p=130\" target=\"_blank\">PROCESSo da Laura<\/a>. Depois, \u00c9 &#8220;s\u00f3&#8221; manter. <\/p>\n\n\n\n<p>Mais do necessitar mudar o resultados, necessitamos mudar aquilo que nos levou ao resultado que eventualmente t\u00ednhamos antes da organiza\u00e7\u00e3o. Assim, a identifica\u00e7\u00e3o do que estava a acontecer e a mudan\u00e7a de h\u00e1bitos s\u00e3o necess\u00e1rias. &nbsp; <\/p>\n\n\n\n<p>Uma vez que esteja satisfeito com os progressos, planificar ou calendarizar semanal ou mensalmente pequenas tarefas permite manter o espa\u00e7o sob o seu controlo. <\/p>\n\n\n\n<p>H\u00e1 quem prefira usar um sistema de recompensa para se manter motivado, oferecendo-se um mimo depois de terminar um espa\u00e7o da sua lista. E est\u00e1 tudo bem, se assim for! Mas a transforma\u00e7\u00e3o de pequenos h\u00e1bitos, pequenas coisas, pode tornar a mudan\u00e7a permanente e todo o processo mais natural, sem esfor\u00e7o! &nbsp; <\/p>\n\n\n\n<p>Foi um prazer passar por este processo, de uma forma diferente (planificada) e partilh\u00e1-lo consigo! Mesmo que demorando mais do que previa e gostaria. Mas&#8230; est\u00e1 tudo bem!<\/p>\n\n\n\n<p>Vou ponderar a periodicidade do pr\u00f3ximo projecto 31 Dias e decorrer\u00e1, sem sombra de d\u00favida, DEPOIS de entregar a tese.<\/p>\n\n\n\n<p>Agrade\u00e7o a sua paci\u00eancia e as suas partilhas!<\/p>\n\n\n\n<p>Qual o tema que gostaria de ver num projecto de 31 Dias?<\/p>\n\n\n\n<p>Beijocas mais organizadas,<\/p>","protected":false},"excerpt":{"rendered":"<p>E este \u00e9 o #31!J\u00e1 n\u00e3o era sem tempo, certo? Achei de bom tom fazer o balan\u00e7o deste projecto e a primeira coisa (de nota) de que me lembrei foi o tempo que ele levou. J\u00e1 deu para ver que os meus projectos de 31 dias n\u00e3o decorrem bem em 31 dias &#8211; n\u00e3o consecutivos! [&hellip;]<\/p>\n","protected":false},"author":1,"featured_media":7975,"comment_status":"open","ping_status":"open","sticky":false,"template":"","format":"standard","meta":{"site-sidebar-layout":"default","site-content-layout":"","ast-site-content-layout":"default","site-content-style":"default","site-sidebar-style":"default","ast-global-header-display":"","ast-banner-title-visibility":"","ast-main-header-display":"","ast-hfb-above-header-display":"","ast-hfb-below-header-display":"","ast-hfb-mobile-header-display":"","site-post-title":"","ast-breadcrumbs-content":"","ast-featured-img":"","footer-sml-layout":"","ast-disable-related-posts":"","theme-transparent-header-meta":"","adv-header-id-meta":"","stick-header-meta":"","header-above-stick-meta":"","header-main-stick-meta":"","header-below-stick-meta":"","astra-migrate-meta-layouts":"default","ast-page-background-enabled":"default","ast-page-background-meta":{"desktop":{"background-color":"var(--ast-global-color-4)","background-image":"","background-repeat":"repeat","background-position":"center center","background-size":"auto","background-attachment":"scroll","background-type":"","background-media":"","overlay-type":"","overlay-color":"","overlay-opacity":"","overlay-gradient":""},"tablet":{"background-color":"","background-image":"","background-repeat":"repeat","background-position":"center center","background-size":"auto","background-attachment":"scroll","background-type":"","background-media":"","overlay-type":"","overlay-color":"","overlay-opacity":"","overlay-gradient":""},"mobile":{"background-color":"","background-image":"","background-repeat":"repeat","background-position":"center center","background-size":"auto","background-attachment":"scroll","background-type":"","background-media":"","overlay-type":"","overlay-color":"","overlay-opacity":"","overlay-gradient":""}},"ast-content-background-meta":{"desktop":{"background-color":"var(--ast-global-color-5)","background-image":"","background-repeat":"repeat","background-position":"center center","background-size":"auto","background-attachment":"scroll","background-type":"","background-media":"","overlay-type":"","overlay-color":"","overlay-opacity":"","overlay-gradient":""},"tablet":{"background-color":"var(--ast-global-color-5)","background-image":"","background-repeat":"repeat","background-position":"center center","background-size":"auto","background-attachment":"scroll","background-type":"","background-media":"","overlay-type":"","overlay-color":"","overlay-opacity":"","overlay-gradient":""},"mobile":{"background-color":"var(--ast-global-color-5)","background-image":"","background-repeat":"repeat","background-position":"center center","background-size":"auto","background-attachment":"scroll","background-type":"","background-media":"","overlay-type":"","overlay-color":"","overlay-opacity":"","overlay-gradient":""}},"footnotes":""},"categories":[84],"tags":[22,4,6,85],"class_list":["post-106","post","type-post","status-publish","format-standard","has-post-thumbnail","hentry","category-organizacao","tag-31-dias","tag-dicas","tag-inspiracao","tag-organizacao"],"_links":{"self":[{"href":"https:\/\/ideiasdafia.pt\/en\/wp-json\/wp\/v2\/posts\/106","targetHints":{"allow":["GET"]}}],"collection":[{"href":"https:\/\/ideiasdafia.pt\/en\/wp-json\/wp\/v2\/posts"}],"about":[{"href":"https:\/\/ideiasdafia.pt\/en\/wp-json\/wp\/v2\/types\/post"}],"author":[{"embeddable":true,"href":"https:\/\/ideiasdafia.pt\/en\/wp-json\/wp\/v2\/users\/1"}],"replies":[{"embeddable":true,"href":"https:\/\/ideiasdafia.pt\/en\/wp-json\/wp\/v2\/comments?post=106"}],"version-history":[{"count":0,"href":"https:\/\/ideiasdafia.pt\/en\/wp-json\/wp\/v2\/posts\/106\/revisions"}],"wp:featuredmedia":[{"embeddable":true,"href":"https:\/\/ideiasdafia.pt\/en\/wp-json\/wp\/v2\/media\/7975"}],"wp:attachment":[{"href":"https:\/\/ideiasdafia.pt\/en\/wp-json\/wp\/v2\/media?parent=106"}],"wp:term":[{"taxonomy":"category","embeddable":true,"href":"https:\/\/ideiasdafia.pt\/en\/wp-json\/wp\/v2\/categories?post=106"},{"taxonomy":"post_tag","embeddable":true,"href":"https:\/\/ideiasdafia.pt\/en\/wp-json\/wp\/v2\/tags?post=106"}],"curies":[{"name":"wp","href":"https:\/\/api.w.org\/{rel}","templated":true}]}}